[{"@context":"https:\/\/schema.org\/","@type":"Article","@id":"https:\/\/www.skpz.cz\/ucetnictvi\/#Article","mainEntityOfPage":"https:\/\/www.skpz.cz\/ucetnictvi\/","headline":"\u00da\u010detnictv\u00ed","name":"\u00da\u010detnictv\u00ed","description":"Aby va\u0161e firma pracovala tak jak m\u00e1, m\u011bli byste m\u00edt skv\u011ble rozvinut\u00e9 \u00fa\u010detnictv\u00ed, kter\u00e9 by zajistilo spr\u00e1vn\u00fd chod va\u0161eho podniku. Zajist\u011bte si tak skv\u011bl\u00fd prostor pro va\u0161e podnik\u00e1n\u00ed, a tu administrativu nechte n\u011bkomu, kdo tomu opravdu rozum\u00ed, a tak vy\u0159e\u0161\u00ed v\u0161echno za v\u00e1s. Pt\u00e1te se ale, pro\u010d zrovna n\u00e1s? Nab\u00edz\u00edme v\u00e1m toti\u017e lep\u0161\u00ed \u00fa\u010detnictv\u00ed, ne\u017e&hellip; <div><a class=\"more-link\" href=\"https:\/\/www.skpz.cz\/ucetnictvi\/\">Continue reading <span class=\"screen-reader-text\">\u00da\u010detnictv\u00ed<\/span><\/a><\/div>","datePublished":"2025-03-09","dateModified":"2025-03-09","author":{"@type":"Person","@id":"https:\/\/www.skpz.cz\/author\/#Person","name":"","url":"https:\/\/www.skpz.cz\/author\/","identifier":1,"image":{"@type":"ImageObject","@id":"https:\/\/secure.gravatar.com\/avatar\/4ae18345300f35922a2a7b2caa17564b68acab8514eff939a8a019efde378c24?s=96&d=mm&r=g","url":"https:\/\/secure.gravatar.com\/avatar\/4ae18345300f35922a2a7b2caa17564b68acab8514eff939a8a019efde378c24?s=96&d=mm&r=g","height":96,"width":96}},"publisher":{"@type":"Organization","name":"skpz.cz","logo":{"@type":"ImageObject","@id":"\/logo.png","url":"\/logo.png","width":600,"height":60}},"url":"https:\/\/www.skpz.cz\/ucetnictvi\/","wordCount":178,"articleBody":"Aby va\u0161e firma pracovala tak jak m\u00e1, m\u011bli byste m\u00edt skv\u011ble rozvinut\u00e9 \u00fa\u010detnictv\u00ed, kter\u00e9 by zajistilo spr\u00e1vn\u00fd chod va\u0161eho podniku. Zajist\u011bte si tak skv\u011bl\u00fd prostor pro va\u0161e podnik\u00e1n\u00ed, a tu administrativu nechte n\u011bkomu, kdo tomu opravdu rozum\u00ed, a tak vy\u0159e\u0161\u00ed v\u0161echno za v\u00e1s.Pt\u00e1te se ale, pro\u010d zrovna n\u00e1s? Nab\u00edz\u00edme v\u00e1m toti\u017e lep\u0161\u00ed \u00fa\u010detnictv\u00ed, ne\u017e ostatn\u00ed firmy, kter\u00e9 berou v\u0161echny klienty jako jednoho, a nab\u00edzej\u00ed jim to sam\u00e9. My jsme ale jin\u00ed, nab\u00edz\u00edme v\u00e1m toti\u017e individu\u00e1ln\u00ed p\u0159\u00edstup, kter\u00fd jist\u011b ocen\u00edte, kdy\u017e budeme \u0159e\u0161it ur\u010dit\u00fd probl\u00e9m.Nechte to odborn\u00edk\u016fmU\u0161et\u0159ete tak na probl\u00e9mech, a nechte \u00fa\u010detnictv\u00ed n\u011bkomu, kdo v\u00ed, o co se jedn\u00e1, a m\u016f\u017ee v\u00e1m nab\u00eddnout bezchybn\u00e9 zpracov\u00e1n\u00ed v\u0161eho, \u010deho si budete p\u0159\u00e1t. Z\u00e1kladem je toti\u017e znalost v\u0161ech administrativn\u00edch v\u011bc\u00ed, kter\u00e9 jsou u n\u00e1s na velmi v\u00fdborn\u00e9 \u00farovni.                                                                                                                                                                                                                                                                                                                                                                                        4\/5 - (1 vote)        "},{"@context":"https:\/\/schema.org\/","@type":"BreadcrumbList","itemListElement":[{"@type":"ListItem","position":1,"name":"\u00da\u010detnictv\u00ed","item":"https:\/\/www.skpz.cz\/ucetnictvi\/#breadcrumbitem"}]}]