[{"@context":"https:\/\/schema.org\/","@type":"Article","@id":"https:\/\/www.skpz.cz\/politika-a-my\/#Article","mainEntityOfPage":"https:\/\/www.skpz.cz\/politika-a-my\/","headline":"Politika a my","name":"Politika a my","description":"Pokud se tak\u00e9 tak intenzivn\u011b zaj\u00edm\u00e1te o politiku, stejn\u011b jako j\u00e1, tak v\u00e1s t\u0159eba mo\u017en\u00e1 tak\u00e9 bude zaj\u00edmat zahrani\u010dn\u00ed politika. M\u011b sp\u00ed\u0161e zaj\u00edm\u00e1 zahrani\u010dn\u00ed politika ne\u017e na\u0161e \u010desk\u00e1, proto\u017ee ta \u010desk\u00e1 se v\u016fbec ned\u00e1 poslouchat a ned\u00e1 se tak\u00e9 na to d\u00edvat. Proto jsem si \u0159ekla, \u017ee abych m\u011bla klid na du\u0161i a nemusela jsem&hellip; <div><a class=\"more-link\" href=\"https:\/\/www.skpz.cz\/politika-a-my\/\">Continue reading <span class=\"screen-reader-text\">Politika a my<\/span><\/a><\/div>","datePublished":"2023-02-05","dateModified":"2023-06-05","author":{"@type":"Person","@id":"https:\/\/www.skpz.cz\/author\/#Person","name":"","url":"https:\/\/www.skpz.cz\/author\/","identifier":1,"image":{"@type":"ImageObject","@id":"https:\/\/secure.gravatar.com\/avatar\/4ae18345300f35922a2a7b2caa17564b68acab8514eff939a8a019efde378c24?s=96&d=mm&r=g","url":"https:\/\/secure.gravatar.com\/avatar\/4ae18345300f35922a2a7b2caa17564b68acab8514eff939a8a019efde378c24?s=96&d=mm&r=g","height":96,"width":96}},"publisher":{"@type":"Organization","name":"skpz.cz","logo":{"@type":"ImageObject","@id":"\/logo.png","url":"\/logo.png","width":600,"height":60}},"image":{"@type":"ImageObject","@id":"https:\/\/www.skpz.cz\/wp-content\/uploads\/berlin-1319648_1280.jpg","url":"https:\/\/www.skpz.cz\/wp-content\/uploads\/berlin-1319648_1280.jpg","height":0,"width":0},"url":"https:\/\/www.skpz.cz\/politika-a-my\/","about":["Politika"],"wordCount":424,"articleBody":"Pokud se tak\u00e9 tak intenzivn\u011b zaj\u00edm\u00e1te o politiku, stejn\u011b jako j\u00e1, tak v\u00e1s t\u0159eba mo\u017en\u00e1 tak\u00e9 bude zaj\u00edmat zahrani\u010dn\u00ed politika. M\u011b sp\u00ed\u0161e zaj\u00edm\u00e1 zahrani\u010dn\u00ed politika ne\u017e na\u0161e \u010desk\u00e1, proto\u017ee ta \u010desk\u00e1 se v\u016fbec ned\u00e1 poslouchat a ned\u00e1 se tak\u00e9 na to d\u00edvat. Proto jsem si \u0159ekla, \u017ee abych m\u011bla klid na du\u0161i a nemusela jsem se tolik nervovat, tak rad\u011bji budu sledovat zahrani\u010dn\u00ed politiku. A vy se nyn\u00ed jist\u011b pt\u00e1te, pro\u010d bych sledovala zrovna zahrani\u010dn\u00ed politiku. Proto\u017ee zahrani\u010dn\u00ed politika je n\u011bkdy ob\u010das tak\u00e9 tak hloup\u00e1, stejn\u011b jako ta \u010desk\u00e1. Tak\u00e9 si mo\u017en\u00e1 \u0159\u00edk\u00e1te, pro\u010d bych se tak\u00e9 nervovala t\u00edm, \u017eer bych sledovala zahrani\u010dn\u00ed politiku. Jenom\u017ee vy se m\u00fdl\u00edte. Proto\u017ee zahrani\u010dn\u00ed politika je \u00fapln\u011b ciz\u00ed ne\u017e ta na\u0161e \u010desk\u00e1. Tak\u017ee v\u00edm, \u017ee zahrani\u010dn\u00ed politika se v\u016fbec net\u00fdk\u00e1 n\u00e1s a celkov\u011b na\u0161eho st\u00e1tu. Tak\u017ee pokud se mi na zahrani\u010dn\u00ed politice n\u011bco v\u016fbec nel\u00edb\u00ed a ud\u011blala bych to jinak, tak se nemus\u00edm v\u016fbec kv\u016fli tomu nervovat a zlobit se, kdy\u017e to nebude platit u n\u00e1s. Jenom\u017ee kolikr\u00e1t m\u011b \u00fapln\u011b hodn\u011b vad\u00ed, \u017ee n\u011bkte\u0159\u00ed politici si berou tak\u00e9 p\u0159\u00edklady ze zahrani\u010dn\u00ed politiky. A potom do aplikuj\u00ed u n\u00e1s ve st\u00e1t\u011b. Podle m\u00e9ho n\u00e1zoru tohle opravdu hodn\u011b \u0161patn\u00e9, proto\u017ee my p\u0159ece m\u00e1me sv\u00e9 hlavy a m\u00e1me to vym\u00fd\u0161let my sami. Jenom\u017ee n\u011bkdy opravdu ka\u017ed\u00fd n\u00e1pad nen\u00ed \u0161patn\u00fd. Nemus\u00ed b\u00fdt v\u0161echno dokonal\u00e9 a spr\u00e1vn\u00e9, co politici vymysl\u00ed. A mn\u011b se to tak\u00e9 ob\u010das nel\u00edb\u00ed, ale co mohu nad\u011blat? Tak\u00e9 jsem oby\u010dejn\u00fd \u010desk\u00fd ob\u010dan, tak\u017ee do politiky opravdu moc extra nevid\u00edm, ale zaj\u00edm\u00e1 m\u011b to. A i kdy\u017e se o \u010deskou politiku nechci v\u016fbec zaj\u00edmat, abych m\u011bla klid na du\u0161i, tak stejn\u011b se mi do u\u0161\u00ed dostane n\u011bjak\u00e1 zpr\u00e1va o \u010desk\u00e9 politice, kter\u00e1 zrovna je v\u017edycky tak hloup\u00e1 a kter\u00e1 se mi nel\u00edb\u00ed, \u017ee u\u017e ani nem\u00e1m s\u00edlu se n\u011bkdy zlobit. A kdy\u017e se u\u017e bav\u00edme o t\u00e9 politice, tak jste tak\u00e9 fanou\u0161ky politiky? N\u011bkdy sl\u00fdch\u00e1m tak\u00e9 n\u00e1zory lid\u00ed, \u017ee je zaj\u00edmaj\u00ed jenom \u010d\u00e1sti politiky nebo jenom n\u011bkter\u00e9 segmenty.                                                                                                                                                                                                                                                                                                                                                                                        4\/5 - (8 votes)        "},{"@context":"https:\/\/schema.org\/","@type":"BreadcrumbList","itemListElement":[{"@type":"ListItem","position":1,"name":"Politika a my","item":"https:\/\/www.skpz.cz\/politika-a-my\/#breadcrumbitem"}]}]