[{"@context":"https:\/\/schema.org\/","@type":"Article","@id":"https:\/\/www.skpz.cz\/politika-a-jeji-vliv\/#Article","mainEntityOfPage":"https:\/\/www.skpz.cz\/politika-a-jeji-vliv\/","headline":"Politika a jej\u00ed vliv","name":"Politika a jej\u00ed vliv","description":"Pravomoci V\u00a0na\u0161\u00ed zemi m\u00e1me demokratick\u00fd syst\u00e9m, d\u00edky kter\u00e9mu m\u016f\u017eeme zcela svobodn\u011b vyjad\u0159ovat sv\u00e9 n\u00e1zory a podobn\u011b, p\u0159i\u010dem\u017e ve sv\u011bt\u011b to nen\u00ed samoz\u0159ejmost\u00ed, proto bychom si tohoto stavu m\u011bli v\u00e1\u017eit. My jako b\u011b\u017en\u00ed lid\u00e9 sice p\u0159\u00edmo nejedn\u00e1me a neschvalujeme v\u0161emo\u017en\u00e9 z\u00e1kony, ov\u0161em vol\u00edme do t\u011bchto pozic z\u00e1stupce, kte\u0159\u00ed to maj\u00ed jako sv\u016fj hlavn\u00ed pracovn\u00ed pom\u011br, tak\u017ee&hellip; <div><a class=\"more-link\" href=\"https:\/\/www.skpz.cz\/politika-a-jeji-vliv\/\">Continue reading <span class=\"screen-reader-text\">Politika a jej\u00ed vliv<\/span><\/a><\/div>","datePublished":"2023-09-22","dateModified":"2023-09-22","author":{"@type":"Person","@id":"https:\/\/www.skpz.cz\/author\/#Person","name":"","url":"https:\/\/www.skpz.cz\/author\/","identifier":1,"image":{"@type":"ImageObject","@id":"https:\/\/secure.gravatar.com\/avatar\/4ae18345300f35922a2a7b2caa17564b68acab8514eff939a8a019efde378c24?s=96&d=mm&r=g","url":"https:\/\/secure.gravatar.com\/avatar\/4ae18345300f35922a2a7b2caa17564b68acab8514eff939a8a019efde378c24?s=96&d=mm&r=g","height":96,"width":96}},"publisher":{"@type":"Organization","name":"skpz.cz","logo":{"@type":"ImageObject","@id":"\/logo.png","url":"\/logo.png","width":600,"height":60}},"image":{"@type":"ImageObject","@id":"https:\/\/www.skpz.cz\/wp-content\/uploads\/czechia-4880480_640.png","url":"https:\/\/www.skpz.cz\/wp-content\/uploads\/czechia-4880480_640.png","height":0,"width":0},"url":"https:\/\/www.skpz.cz\/politika-a-jeji-vliv\/","about":["Politika"],"wordCount":436,"articleBody":"PravomociV\u00a0na\u0161\u00ed zemi m\u00e1me demokratick\u00fd syst\u00e9m, d\u00edky kter\u00e9mu m\u016f\u017eeme zcela svobodn\u011b vyjad\u0159ovat sv\u00e9 n\u00e1zory a podobn\u011b, p\u0159i\u010dem\u017e ve sv\u011bt\u011b to nen\u00ed samoz\u0159ejmost\u00ed, proto bychom si tohoto stavu m\u011bli v\u00e1\u017eit. My jako b\u011b\u017en\u00ed lid\u00e9 sice p\u0159\u00edmo nejedn\u00e1me a neschvalujeme v\u0161emo\u017en\u00e9 z\u00e1kony, ov\u0161em vol\u00edme do t\u011bchto pozic z\u00e1stupce, kte\u0159\u00ed to maj\u00ed jako sv\u016fj hlavn\u00ed pracovn\u00ed pom\u011br, tak\u017ee maj\u00ed \u010das na to v\u0161e pe\u010dliv\u011b prodiskutovat a zv\u00e1\u017eit, jestli je to zm\u011bna skute\u010dn\u011b k\u00a0lep\u0161\u00edmu. Je zapot\u0159eb\u00ed udr\u017eovat st\u00e1t v\u00a0dobr\u00e9m stavu, a to i finan\u010dn\u00edm, proto\u017ee bohu\u017eel i takov\u00e9 prodlu\u017eov\u00e1n\u00ed d\u016fchodov\u00e9ho v\u011bku je zapot\u0159eb\u00ed k\u00a0tomu, aby pozd\u011bj\u0161\u00ed generace m\u011bli tak\u00e9 d\u016fchod, kter\u00fd jim zajist\u00ed d\u016fstojn\u00e9 \u017eit\u00ed. To je jenom jeden p\u0159\u00edklad z\u00a0mnoha, kter\u00fd n\u00e1s v\u00a0kone\u010dn\u00e9m d\u016fsledku dost ovliv\u0148uje. P\u0159eci jen jist\u011b V\u00e1m z\u00e1le\u017e\u00ed na tom, kolik pen\u011bz odvedete z\u00a0dan\u00ed, jestli budete m\u00edt dostupn\u00e9 vzd\u011bl\u00e1n\u00ed zdarma, zda se o V\u00e1s p\u0159i nemoci dob\u0159e postaraj\u00ed a takto se d\u00e1 pokra\u010dovat je\u0161t\u011b dlouhou dobu.Z\u00e1stupciPokud chcete, aby v\u00fd\u0161e jmenovan\u00e9 z\u00e1le\u017eitosti nebyly pro V\u00e1s zhor\u0161ov\u00e1ny, tak jsou tu od toho volby. Sice sami schvalov\u00e1n\u00ed z\u00e1kona ve sn\u011bmovn\u011b neovlivn\u00edme, ale kdo tam bude sed\u011bt a p\u0159\u00edpadn\u011b kolik bude m\u00edt strana k\u0159esel ano, a to p\u0159i volb\u00e1ch. \u00a0Ka\u017ed\u00fd m\u00e1 sv\u016fj program, s\u00a0kter\u00fdm se prezentuje a z\u00e1rove\u0148 i vystupuje v\u00a0diskuz\u00edch, p\u0159i\u010dem\u017e sami si je m\u016f\u017eete pro\u010d\u00edst zv\u00e1\u017eit, kter\u00fd se V\u00e1m l\u00edb\u00ed nejv\u00edce. Akor\u00e1t pot\u00ed\u017e je v\u00a0tom, \u017ee tohle rozhodn\u011b nesta\u010d\u00ed, proto\u017ee nikdy nev\u00edme, zda jej bude politik \u010di strana dodr\u017eovat, proto je zapot\u0159eb\u00ed pod\u00edvat se na dlouhodob\u00e9 p\u016fsoben\u00ed a zhodnotit, jestli skute\u010dn\u011b sv\u00e9 sliby pln\u00ed, nebo cht\u011bj\u00ed svou prezentac\u00ed, a i vystupov\u00e1n\u00edm v\u00a0m\u00e9di\u00edch vyu\u017e\u00edt pouze k\u00a0tomu, aby z\u00edskali co nejv\u00edce hlas\u016f a n\u00e1sledn\u011b si u\u017e\u00edvali na slu\u0161n\u00fdch pozic\u00edch.\u00a0Ide\u00e1ln\u00ed kandid\u00e1t, kter\u00fd by m\u011bl vzhledem k\u00a0ostatn\u00edm \u0161anci usp\u011bt mo\u017en\u00e1 sice nen\u00ed, ov\u0161em p\u0159eci jen n\u011bkdo pro V\u00e1s m\u016f\u017ee b\u00fdt to nejlep\u0161\u00ed volbou.                                                                                                                                                                                                                                                                                                                                                                                        3.7\/5 - (6 votes)        "},{"@context":"https:\/\/schema.org\/","@type":"BreadcrumbList","itemListElement":[{"@type":"ListItem","position":1,"name":"Politika a jej\u00ed vliv","item":"https:\/\/www.skpz.cz\/politika-a-jeji-vliv\/#breadcrumbitem"}]}]