[{"@context":"https:\/\/schema.org\/","@type":"Article","@id":"https:\/\/www.skpz.cz\/firemni-teambuilding-v-beskydech-navazuje-na-tradici-z-90-let\/#Article","mainEntityOfPage":"https:\/\/www.skpz.cz\/firemni-teambuilding-v-beskydech-navazuje-na-tradici-z-90-let\/","headline":"Firemn\u00ed teambuilding v Beskydech navazuje na tradici z 90. let","name":"Firemn\u00ed teambuilding v Beskydech navazuje na tradici z 90. let","description":"Devades\u00e1t\u00e1 l\u00e9ta v na\u0161\u00ed zemi byla pro mnoh\u00e9 z n\u00e1s obdob\u00edm, kdy se upev\u0148ovaly mezilidsk\u00e9 vztahy po ukon\u010den\u00ed epochy re\u00e1ln\u00e9ho socialismu. N\u011bkte\u0159\u00ed lid\u00e9 za\u010dali podnikat a sp\u00ed\u0161e se vzdalovali ostatn\u00edm, kdy si \u201ehr\u00e1li na vlastn\u00edm p\u00edse\u010dku\u201c, pro jin\u00e9 z n\u00e1s to v\u0161ak byl vhodn\u00fd prostor k uplatn\u011bn\u00ed spole\u010densk\u00fdch a firemn\u00edch akc\u00ed. Tato doba byla p\u0159\u00edhodn\u00e1&hellip; <div><a class=\"more-link\" href=\"https:\/\/www.skpz.cz\/firemni-teambuilding-v-beskydech-navazuje-na-tradici-z-90-let\/\">Continue reading <span class=\"screen-reader-text\">Firemn\u00ed teambuilding v Beskydech navazuje na tradici z 90. let<\/span><\/a><\/div>","datePublished":"2024-11-19","dateModified":"2024-11-19","author":{"@type":"Person","@id":"https:\/\/www.skpz.cz\/author\/#Person","name":"","url":"https:\/\/www.skpz.cz\/author\/","identifier":1,"image":{"@type":"ImageObject","@id":"https:\/\/secure.gravatar.com\/avatar\/4ae18345300f35922a2a7b2caa17564b68acab8514eff939a8a019efde378c24?s=96&d=mm&r=g","url":"https:\/\/secure.gravatar.com\/avatar\/4ae18345300f35922a2a7b2caa17564b68acab8514eff939a8a019efde378c24?s=96&d=mm&r=g","height":96,"width":96}},"publisher":{"@type":"Organization","name":"skpz.cz","logo":{"@type":"ImageObject","@id":"\/logo.png","url":"\/logo.png","width":600,"height":60}},"image":{"@type":"ImageObject","@id":"https:\/\/www.skpz.cz\/wp-content\/uploads\/nature-6617930_640_5.jpg","url":"https:\/\/www.skpz.cz\/wp-content\/uploads\/nature-6617930_640_5.jpg","height":0,"width":0},"url":"https:\/\/www.skpz.cz\/firemni-teambuilding-v-beskydech-navazuje-na-tradici-z-90-let\/","about":["Byznys"],"wordCount":417,"articleBody":"        Devades\u00e1t\u00e1 l\u00e9ta v na\u0161\u00ed zemi byla pro mnoh\u00e9 z n\u00e1s obdob\u00edm, kdy se upev\u0148ovaly mezilidsk\u00e9 vztahy po ukon\u010den\u00ed epochy re\u00e1ln\u00e9ho socialismu. N\u011bkte\u0159\u00ed lid\u00e9 za\u010dali podnikat a sp\u00ed\u0161e se vzdalovali ostatn\u00edm, kdy si \u201ehr\u00e1li na vlastn\u00edm p\u00edse\u010dku\u201c, pro jin\u00e9 z n\u00e1s to v\u0161ak byl vhodn\u00fd prostor k uplatn\u011bn\u00ed spole\u010densk\u00fdch a firemn\u00edch akc\u00ed. Tato doba byla p\u0159\u00edhodn\u00e1 pro firemn\u00ed teambuildingy v p\u0159\u00edrod\u011b a st\u00e1valo se, \u017ee se jich z\u00fa\u010dastnili zam\u011bstnanci zcela dobrovoln\u011b a prot\u00e1hli je na v\u00edce dn\u016f, ne\u017e bylo p\u016fvodn\u011b v pl\u00e1nu. Na firemn\u00ed akce se vyj\u00ed\u017ed\u011blo nej\u010dast\u011bji do p\u0159\u00edrody, tak\u017ee nap\u0159\u00edklad zam\u011bstnanci firmy z Plzn\u011b vycestovali na \u0160umavu, kter\u00fd je Plzni relativn\u011b bl\u00edzko, a lid\u00e9 z Ostravska zas m\u00ed\u0159ili do Beskyd. Tradice t\u011bchto firemn\u00edch akc\u00ed se p\u0159enesla a\u017e do sou\u010dasnosti a je st\u00e1le \u0159ada firem, kter\u00e9 se sna\u017e\u00ed upevnit p\u0159\u00e1telsk\u00e9 vztahy mezi zam\u011bstnanci pr\u00e1v\u011b t\u00edmto zp\u016fsobem. Toto m\u016f\u017ee b\u00fdt v\u00fdzvou i pro v\u00e1s, jestli\u017ee v\u00e1s l\u00e1kaj\u00ed pr\u00e1v\u011b Beskydy. Je zde nap\u0159\u00edklad mo\u017enost zajistit si ubytov\u00e1n\u00ed v Doln\u00ed Lomn\u00e9, nedaleko Jablunkovsk\u00e9ho pr\u016fsmyku. M\u016f\u017eete nahl\u00e9dnout do galerie ubytov\u00e1n\u00ed a p\u0159esv\u011bd\u010dit se o tom, zda je tu dostate\u010dn\u00fd komfort pro v\u00e1s a va\u0161e kolegy a m\u016f\u017eete tak\u00e9 nahl\u00e9dnout do mapy, abyste si ov\u011b\u0159ili polohu ubytovac\u00edho za\u0159\u00edzen\u00ed.Pokud sem vycestujete v zimn\u00edm obdob\u00ed, budete m\u00edt k dispozici sjezdovku necel\u00fdch sto metr\u016f odtud a napadne-li dostatek p\u0159\u00edrodn\u00edho sn\u011bhu, mohli byste vyrazit na b\u011b\u017eky, je tu dostatek mo\u017enost\u00ed provozovat b\u011b\u017eeck\u00e9 ly\u017eov\u00e1n\u00ed. Beskydy jsou ov\u0161em kr\u00e1sn\u00e9 i v jin\u00e9m ro\u010dn\u00edm obdob\u00ed, a nemus\u00ed to b\u00fdt zrovna v l\u00e9t\u011b, snadno se o tom p\u0159esv\u011bd\u010d\u00edte i na ja\u0159e, kdy rozkv\u00e9taj\u00ed stromy a kv\u011btiny, anebo na podzim, kdy tu hraj\u00ed v\u0161emi barvami listnat\u00e9 stromy. V Beskydech jsou kr\u00e1sn\u00e9 i z\u00e1pady a v\u00fdchody Slunce, vyplat\u00ed se kv\u016fli tomu vy\u0161plhat na vrcholky n\u011bkter\u00fdch kopc\u016f a podniknout h\u0159ebenov\u00e9 t\u00fary. M\u016f\u017eete tu nav\u0161t\u00edvit i skanzen lidov\u00e9 architektury v Ro\u017enov\u011b pod Radho\u0161t\u011bm.                                                                                                                                                                                                                                                                                                                                                                                          4.5\/5 - (10 votes)        "},{"@context":"https:\/\/schema.org\/","@type":"BreadcrumbList","itemListElement":[{"@type":"ListItem","position":1,"name":"Firemn\u00ed teambuilding v Beskydech navazuje na tradici z 90. let","item":"https:\/\/www.skpz.cz\/firemni-teambuilding-v-beskydech-navazuje-na-tradici-z-90-let\/#breadcrumbitem"}]}]